{"id":991639,"date":"2026-06-02T10:49:17","date_gmt":"2026-06-02T08:49:17","guid":{"rendered":"https:\/\/www.ascen.net\/?p=991639"},"modified":"2026-06-02T14:58:23","modified_gmt":"2026-06-02T12:58:23","slug":"el-valor-de-lessencial-ascen-present-al-congres-en-la-jornada-dalianzas","status":"publish","type":"post","link":"https:\/\/www.ascen.net\/es\/el-valor-de-lessencial-ascen-present-al-congres-en-la-jornada-dalianzas\/","title":{"rendered":"El valor de l&#8217;essencial: ASCEN, present al Congr\u00e9s en la jornada d&#8217;alianzAS"},"content":{"rendered":"\t\t<div data-elementor-type=\"wp-post\" data-elementor-id=\"991639\" class=\"elementor elementor-991639\" data-elementor-post-type=\"post\">\n\t\t\t\t<div class=\"elementor-element elementor-element-7b16f6b6 e-flex e-con-boxed e-con e-parent\" data-id=\"7b16f6b6\" data-element_type=\"container\" data-e-type=\"container\">\n\t\t\t\t\t<div class=\"e-con-inner\">\n\t\t\t\t<div class=\"elementor-element elementor-element-1e38021 elementor-widget elementor-widget-text-editor\" data-id=\"1e38021\" data-element_type=\"widget\" data-e-type=\"widget\" data-widget_type=\"text-editor.default\">\n\t\t\t\t<div class=\"elementor-widget-container\">\n\t\t\t\t\t\t\t\t\t<h4 data-prosemirror-content-type=\"node\" data-prosemirror-node-name=\"paragraph\" data-prosemirror-node-block=\"true\" data-pm-slice=\"1 1 []\">Ahir, dilluns 1 de juny, vam assistir a la Sala Ernest Lluch del Congr\u00e9s dels Diputats a la jornada &#8220;El valor de lo esencial&#8221;, l&#8217;acte amb qu\u00e8 alianzAS va posar sobre la taula una idea tan senzilla com sovint oblidada: els serveis essencials s\u00f3n el pilar que sost\u00e9 el nostre estat del benestar.<\/h4><div>\u00a0<\/div><p>ASCEN hi forma part a trav\u00e9s d&#8217;AFELIN, on ostentem la vicepresid\u00e8ncia. AlianzAS aglutina les principals organitzacions empresarials dels serveis essencials intensius en m\u00e0 d&#8217;obra -activitats que representen al voltant del 2,2% del PIB i m\u00e9s d&#8217;1,2 milions de persones treballadores a tot l&#8217;Estat-, i aix\u00f2 la converteix en un interlocutor de primer ordre davant les administracions en mat\u00e8ria de contractaci\u00f3 p\u00fablica, legislaci\u00f3 laboral i Seguretat Social.<\/p><p class=\"font-claude-response-body\">La jornada va n\u00e9ixer amb una clara vocaci\u00f3 institucional. La va obrir <strong>Javier Sig\u00fcenza<\/strong>, president d&#8217;alianzAS, seguit del discurs d&#8217;<strong>Yolanda D\u00edaz<\/strong>, vicepresidenta segona del Govern i ministra de Treball i Economia Social, i la va cloure <strong>Antonio Garamendi<\/strong>, president de la CEOE. Entre mig, dues taules de debat: la primera, &#8220;El valor de lo esencial&#8221;, va reunir al voltant de la mateixa taula els <strong>agents socials<\/strong> -amb CCOO\u00a0i UGT- i les <strong>patronals sectorials<\/strong> AEESDAP, IGUALIS, AMI i AESTE; la segona, &#8220;Assegurant la viabilitat dels serveis essencials a Espanya&#8221;, va donar veu als representants dels diferents grups parlamentaris.<\/p><p><a href=\"#_ftnref1\" name=\"_ftn1\"><\/a><\/p>\t\t\t\t\t\t\t\t<\/div>\n\t\t\t\t<\/div>\n\t\t\t\t<div class=\"elementor-element elementor-element-27f9f8e elementor-widget elementor-widget-image\" data-id=\"27f9f8e\" data-element_type=\"widget\" data-e-type=\"widget\" data-widget_type=\"image.default\">\n\t\t\t\t<div class=\"elementor-widget-container\">\n\t\t\t\t\t\t\t\t\t\t\t\t\t\t\t<img fetchpriority=\"high\" decoding=\"async\" width=\"1024\" height=\"576\" src=\"https:\/\/www.ascen.net\/wp-content\/uploads\/2026\/06\/YD-1024x576.png\" class=\"attachment-large size-large wp-image-991644\" alt=\"\" srcset=\"https:\/\/www.ascen.net\/wp-content\/uploads\/2026\/06\/YD-1024x576.png 1024w, https:\/\/www.ascen.net\/wp-content\/uploads\/2026\/06\/YD-300x169.png 300w, https:\/\/www.ascen.net\/wp-content\/uploads\/2026\/06\/YD-768x432.png 768w, https:\/\/www.ascen.net\/wp-content\/uploads\/2026\/06\/YD-1536x864.png 1536w, https:\/\/www.ascen.net\/wp-content\/uploads\/2026\/06\/YD-18x10.png 18w, https:\/\/www.ascen.net\/wp-content\/uploads\/2026\/06\/YD.png 1672w\" sizes=\"(max-width: 1024px) 100vw, 1024px\" \/>\t\t\t\t\t\t\t\t\t\t\t\t\t\t\t<\/div>\n\t\t\t\t<\/div>\n\t\t\t\t<div class=\"elementor-element elementor-element-aff90da elementor-widget elementor-widget-text-editor\" data-id=\"aff90da\" data-element_type=\"widget\" data-e-type=\"widget\" data-widget_type=\"text-editor.default\">\n\t\t\t\t<div class=\"elementor-widget-container\">\n\t\t\t\t\t\t\t\t\t<h4 data-prosemirror-content-type=\"node\" data-prosemirror-node-name=\"paragraph\" data-prosemirror-node-block=\"true\" data-pm-slice=\"1 1 []\">Tot el sector, davant els seus reptes<\/h4><div>\u00a0<\/div><p>L&#8217;esdeveniment va girar en torn a dos dels principals problemes del sector. Per una banda, les barreres que avui ofeguen la <strong>contractaci\u00f3 p\u00fablica<\/strong>, una pe\u00e7a clau per a la viabilitat dels nostres sectors, on representa al voltant del 50% de la facturaci\u00f3. La primera, la <strong>desindexaci\u00f3:<\/strong> la impossibilitat de revisar els preus dels contractes deixa les empreses absorbint, durant anys, l&#8217;increment real dels costos -els salaris que fixa la negociaci\u00f3 col\u00b7lectiva, l&#8217;energia, les mat\u00e8ries primeres- sense cap mecanisme de compensaci\u00f3. En activitats on el personal pot suposar el 80-90% del cost, qualsevol pujada que no es traslladi al preu del contracte erosiona els marges fins a fer-los insostenibles.<\/p><p>A aquesta s&#8217;hi sumen dos factors que actuen com a filtre, especialment per a les pimes. La <strong>complexitat burocr\u00e0tica<\/strong> eleva les exig\u00e8ncies documentals i de solv\u00e8ncia fins a un punt que les empreses de menor dimensi\u00f3, sense grans estructures administratives, dif\u00edcilment poden assumir. I la <strong>morositat<\/strong> obliga les companyies a finan\u00e7ar amb la seva pr\u00f2pia tresoreria un servei p\u00fablic que ja estan prestant, una c\u00e0rrega que les m\u00e9s petites no poden sostenir gaire temps.<\/p><p>El resultat d&#8217;aquesta suma \u00e9s un mercat que, malgrat el r\u00e8cord de contractaci\u00f3 p\u00fablica -el 2025 es van licitar m\u00e9s de 180.000 milions d&#8217;euros a tot l&#8217;Estat-, funciona sovint sense compet\u00e8ncia real. Gaireb\u00e9 el 45% dels contractes de l&#8217;Administraci\u00f3 General de l&#8217;Estat es van adjudicar amb un \u00fanic licitador, m\u00e9s del doble del llindar de risc del 20% que fixa Brussel\u00b7les. I no \u00e9s un problema exclusiu de l&#8217;Estat: en el conjunt de les administracions, la mitjana se situa en nom\u00e9s 2,64 ofertes per contracte, una concurr\u00e8ncia empresarial molt baixa per al volum de despesa que es gestiona. I en els casos m\u00e9s extrems, els concursos queden directament deserts: nom\u00e9s el 2025, gaireb\u00e9 10.000 licitacions van quedar sense oferta, amb uns 4.000 milions d&#8217;euros d&#8217;inversi\u00f3 p\u00fablica paralitzada. S\u00f3n la prova que el model actual expulsa empreses del sistema -molt especialment les pimes-, encareix el servei i en posa en risc la qualitat i la continu\u00eftat. A tot plegat s&#8217;hi va afegir un altre element de fons: aquesta conjuntura <b>condiciona directament la negociaci\u00f3 col\u00b7lectiva i el di\u00e0leg social<\/b>, perqu\u00e8 no es pot avan\u00e7ar en drets sense empreses viables que els puguin sostenir.<\/p><p class=\"font-claude-response-body break-words whitespace-normal leading-[1.7]\">La jornada va dedicar tamb\u00e9 una atenci\u00f3 especial a l&#8217;<strong>absentisme<\/strong>. Si a tot l&#8217;Estat l&#8217;absentisme s&#8217;ha convertit en un fenomen estructural -el 2025 va vorejar el 7% de les hores pactades, m\u00e0xims de la s\u00e8rie hist\u00f2rica-, a la neteja la situaci\u00f3 \u00e9s molt m\u00e9s greu. Les dades de l&#8217;INE situen en un 13% el percentatge de treballadors del sector que falten cada dia a la feina: gaireb\u00e9 el doble de la mitjana nacional i al voltant d&#8217;un 70% per sobre de la resta de sectors. A m\u00e9s, les baixes duren m\u00e9s: una mitjana de 55 dies, quinze m\u00e9s que la mitjana del conjunt de l&#8217;economia.<\/p><p class=\"font-claude-response-body break-words whitespace-normal leading-[1.7]\">L&#8217;impacte sobre les nostres empreses \u00e9s doble. D&#8217;una banda, en un sector on els costos laborals superen el 85% de la despesa, cada hora no treballada va directa al compte de resultats. De l&#8217;altra, cada abs\u00e8ncia s&#8217;ha de cobrir s\u00ed o s\u00ed per garantir el servei, de manera que l&#8217;empresa assumeix alhora el cost de la persona absent i el de la seva substituci\u00f3. Per aix\u00f2 es va reclamar solucions immediates i realistes: millorar la <strong>coordinaci\u00f3 entre tots els actors<\/strong> implicats -m\u00fatues, Inspecci\u00f3, serveis p\u00fablics de salut i Seguretat Social-, <strong>dotar de m\u00e9s recursos les administracions<\/strong> per a la gesti\u00f3 i el seguiment de les baixes, i <strong>perseguir l&#8217;absentisme fraudulent<\/strong>, distingint-lo sempre de les situacions de malaltia leg\u00edtimes, que el sistema ha de protegir sense excepcions.<\/p><p><a href=\"#_ftnref1\" name=\"_ftn1\"><\/a><\/p>\t\t\t\t\t\t\t\t<\/div>\n\t\t\t\t<\/div>\n\t\t\t\t<div class=\"elementor-element elementor-element-e5bb8c1 elementor-widget elementor-widget-image\" data-id=\"e5bb8c1\" data-element_type=\"widget\" data-e-type=\"widget\" data-widget_type=\"image.default\">\n\t\t\t\t<div class=\"elementor-widget-container\">\n\t\t\t\t\t\t\t\t\t\t\t\t\t\t\t<img decoding=\"async\" width=\"1024\" height=\"576\" src=\"https:\/\/www.ascen.net\/wp-content\/uploads\/2026\/06\/AlianzAS-1024x576.jpg\" class=\"attachment-large size-large wp-image-991643\" alt=\"\" srcset=\"https:\/\/www.ascen.net\/wp-content\/uploads\/2026\/06\/AlianzAS-1024x576.jpg 1024w, https:\/\/www.ascen.net\/wp-content\/uploads\/2026\/06\/AlianzAS-300x169.jpg 300w, https:\/\/www.ascen.net\/wp-content\/uploads\/2026\/06\/AlianzAS-768x432.jpg 768w, https:\/\/www.ascen.net\/wp-content\/uploads\/2026\/06\/AlianzAS-1536x864.jpg 1536w, https:\/\/www.ascen.net\/wp-content\/uploads\/2026\/06\/AlianzAS-18x10.jpg 18w, https:\/\/www.ascen.net\/wp-content\/uploads\/2026\/06\/AlianzAS.jpg 1920w\" sizes=\"(max-width: 1024px) 100vw, 1024px\" \/>\t\t\t\t\t\t\t\t\t\t\t\t\t\t\t<\/div>\n\t\t\t\t<\/div>\n\t\t\t\t<div class=\"elementor-element elementor-element-0e2db3b elementor-widget elementor-widget-text-editor\" data-id=\"0e2db3b\" data-element_type=\"widget\" data-e-type=\"widget\" data-widget_type=\"text-editor.default\">\n\t\t\t\t<div class=\"elementor-widget-container\">\n\t\t\t\t\t\t\t\t\t<h4 data-prosemirror-content-type=\"node\" data-prosemirror-node-name=\"paragraph\" data-prosemirror-node-block=\"true\" data-pm-slice=\"1 1 []\">Una lectura un\u00e0nime<\/h4><div>\u00a0<\/div><p class=\"font-claude-response-body break-words whitespace-normal leading-[1.7]\">Si alguna cosa va quedar clara, \u00e9s que, en termes generals, el diagn\u00f2stic \u00e9s compartit. Patronal i sindicats vam coincidir en la lectura dels problemes i en una idea de fons: cal avan\u00e7ar en drets socials, s\u00ed, per\u00f2 fer-ho de manera coherent i sostenible per a les empreses, perqu\u00e8 no hi ha progr\u00e9s social durador si no \u00e9s viable per a qui ha de prestar el servei i mantenir l&#8217;ocupaci\u00f3.<\/p><p class=\"font-claude-response-body break-words whitespace-normal leading-[1.7]\">La pres\u00e8ncia d&#8217;ASCEN en aquesta jornada no \u00e9s anecd\u00f2tica. Forma part de la manera com treballem: <strong>ser-hi, als espais on es prenen les decisions i es construeix el discurs sectorial.<\/strong> Participar a alianzAS, a trav\u00e9s d&#8217;AFELIN, \u00e9s un dels canals a trav\u00e9s dels quals fem arribar les reivindicacions de les nostres empreses associades. Seguirem treballant perqu\u00e8 el valor d&#8217;all\u00f2 essencial es reconegui no nom\u00e9s amb paraules, sin\u00f3 amb mesures concretes. Perqu\u00e8 quan parlem de serveis essencials, parlem de persones, d&#8217;ocupaci\u00f3 i de la qualitat de vida de tothom.<\/p><p><a href=\"#_ftnref1\" name=\"_ftn1\"><\/a><\/p>\t\t\t\t\t\t\t\t<\/div>\n\t\t\t\t<\/div>\n\t\t<div class=\"elementor-element elementor-element-a86519a e-con-full e-flex e-con e-child\" data-id=\"a86519a\" data-element_type=\"container\" data-e-type=\"container\">\n\t\t\t\t<\/div>\n\t\t\t\t\t<\/div>\n\t\t\t\t<\/div>\n\t\t\t\t<\/div>\n\t\t","protected":false},"excerpt":{"rendered":"<p>Ahir, dilluns 1 de juny, vam assistir a la Sala Ernest Lluch del Congr\u00e9s dels Diputats a la jornada &#8220;El valor de lo esencial&#8221;, l&#8217;acte amb qu\u00e8 alianzAS va posar&#8230;<\/p>","protected":false},"author":458,"featured_media":991640,"comment_status":"closed","ping_status":"open","sticky":false,"template":"","format":"standard","meta":{"footnotes":""},"categories":[30],"tags":[],"class_list":["post-991639","post","type-post","status-publish","format-standard","has-post-thumbnail","hentry","category-ascen"],"_links":{"self":[{"href":"https:\/\/www.ascen.net\/es\/wp-json\/wp\/v2\/posts\/991639","targetHints":{"allow":["GET"]}}],"collection":[{"href":"https:\/\/www.ascen.net\/es\/wp-json\/wp\/v2\/posts"}],"about":[{"href":"https:\/\/www.ascen.net\/es\/wp-json\/wp\/v2\/types\/post"}],"author":[{"embeddable":true,"href":"https:\/\/www.ascen.net\/es\/wp-json\/wp\/v2\/users\/458"}],"replies":[{"embeddable":true,"href":"https:\/\/www.ascen.net\/es\/wp-json\/wp\/v2\/comments?post=991639"}],"version-history":[{"count":18,"href":"https:\/\/www.ascen.net\/es\/wp-json\/wp\/v2\/posts\/991639\/revisions"}],"predecessor-version":[{"id":991663,"href":"https:\/\/www.ascen.net\/es\/wp-json\/wp\/v2\/posts\/991639\/revisions\/991663"}],"wp:featuredmedia":[{"embeddable":true,"href":"https:\/\/www.ascen.net\/es\/wp-json\/wp\/v2\/media\/991640"}],"wp:attachment":[{"href":"https:\/\/www.ascen.net\/es\/wp-json\/wp\/v2\/media?parent=991639"}],"wp:term":[{"taxonomy":"category","embeddable":true,"href":"https:\/\/www.ascen.net\/es\/wp-json\/wp\/v2\/categories?post=991639"},{"taxonomy":"post_tag","embeddable":true,"href":"https:\/\/www.ascen.net\/es\/wp-json\/wp\/v2\/tags?post=991639"}],"curies":[{"name":"wp","href":"https:\/\/api.w.org\/{rel}","templated":true}]}}